{"id":727,"date":"2021-05-08T16:20:25","date_gmt":"2021-05-08T14:20:25","guid":{"rendered":"https:\/\/blogs.pfuetzner.de\/matthias\/?p=727"},"modified":"2021-05-08T16:21:29","modified_gmt":"2021-05-08T14:21:29","slug":"rechenschaftsbericht-periode-2019-2021","status":"publish","type":"post","link":"https:\/\/blogs.pfuetzner.de\/matthias\/?p=727","title":{"rendered":"Rechenschaftsbericht Periode 2019-2021"},"content":{"rendered":"\n<p>Beim letzten Kreisparteitag der Piraten HTK am 09. September 2019 wurde ich erneut zum stellvertretenden Vorsitzenden gew\u00e4hlt. In die Amstperiode (endet wohl heute (08. Mail 2021) mit dem neuen Kreisparteitag) fielen Cryptoparties, Wahlen (Kommunalwahl Hessen am 28.10.2018), sowie einige Stammtische. Bei der Kommunalwahl war ich einer der Listenkandidaten f\u00fcr meinen Wahlkreis, habe plakatiert, und habe mich um die Sammlung der notwendigen Unterst\u00fctzungsunterschriften gek\u00fcmmert. Alle diese Dinge sind auch auf der WebSeite der HTK-Piraten nachzulesen und zu finden. <a href=\"https:\/\/www.taunus-piraten.de\/\">https:\/\/www.taunus-piraten.de\/<\/a><\/p>\n","protected":false},"excerpt":{"rendered":"<p>Beim letzten Kreisparteitag der Piraten HTK am 09. September 2019 wurde ich erneut zum stellvertretenden Vorsitzenden gew\u00e4hlt. In die Amstperiode (endet wohl heute (08. Mail 2021) mit dem neuen Kreisparteitag) fielen Cryptoparties, Wahlen (Kommunalwahl Hessen am 28.10.2018), sowie einige Stammtische. Bei der Kommunalwahl war ich einer der Listenkandidaten f\u00fcr meinen Wahlkreis, habe plakatiert, und habe [&hellip;]<\/p>\n","protected":false},"author":1,"featured_media":0,"comment_status":"open","ping_status":"open","sticky":false,"template":"","format":"standard","meta":{"footnotes":""},"categories":[5],"tags":[],"class_list":["post-727","post","type-post","status-publish","format-standard","hentry","category-politics"],"_links":{"self":[{"href":"https:\/\/blogs.pfuetzner.de\/matthias\/index.php?rest_route=\/wp\/v2\/posts\/727","targetHints":{"allow":["GET"]}}],"collection":[{"href":"https:\/\/blogs.pfuetzner.de\/matthias\/index.php?rest_route=\/wp\/v2\/posts"}],"about":[{"href":"https:\/\/blogs.pfuetzner.de\/matthias\/index.php?rest_route=\/wp\/v2\/types\/post"}],"author":[{"embeddable":true,"href":"https:\/\/blogs.pfuetzner.de\/matthias\/index.php?rest_route=\/wp\/v2\/users\/1"}],"replies":[{"embeddable":true,"href":"https:\/\/blogs.pfuetzner.de\/matthias\/index.php?rest_route=%2Fwp%2Fv2%2Fcomments&post=727"}],"version-history":[{"count":2,"href":"https:\/\/blogs.pfuetzner.de\/matthias\/index.php?rest_route=\/wp\/v2\/posts\/727\/revisions"}],"predecessor-version":[{"id":729,"href":"https:\/\/blogs.pfuetzner.de\/matthias\/index.php?rest_route=\/wp\/v2\/posts\/727\/revisions\/729"}],"wp:attachment":[{"href":"https:\/\/blogs.pfuetzner.de\/matthias\/index.php?rest_route=%2Fwp%2Fv2%2Fmedia&parent=727"}],"wp:term":[{"taxonomy":"category","embeddable":true,"href":"https:\/\/blogs.pfuetzner.de\/matthias\/index.php?rest_route=%2Fwp%2Fv2%2Fcategories&post=727"},{"taxonomy":"post_tag","embeddable":true,"href":"https:\/\/blogs.pfuetzner.de\/matthias\/index.php?rest_route=%2Fwp%2Fv2%2Ftags&post=727"}],"curies":[{"name":"wp","href":"https:\/\/api.w.org\/{rel}","templated":true}]}}