{"id":571,"date":"2011-04-11T22:58:40","date_gmt":"2011-04-11T20:58:40","guid":{"rendered":"http:\/\/blogs.pfuetzner.de\/matthias\/?p=571"},"modified":"2011-04-11T22:58:40","modified_gmt":"2011-04-11T20:58:40","slug":"meine-kandidatur","status":"publish","type":"post","link":"https:\/\/blogs.pfuetzner.de\/matthias\/?p=571","title":{"rendered":"Meine Kandidatur&#8230;"},"content":{"rendered":"<p>Woody Allen l\u00e4\u00dft etwas f\u00fcr mich sehr Wichtiges in einem meiner absoluten Lieblingsfilme, seinem Film &#8220;Manhattan&#8221;, gegen Ende, sozusagen als Fazit des Films, folgenderma\u00dfen sagen: <i>&#8220;Du mu\u00dft Vertrauen in die Menschen haben!&#8221;<\/i> Da aber das Vertrauen jenseits des Kindesalters stetig abnimmt und ein Kennen Dessen voraussetzt, dem man trauen soll oder will, gebe ich hiermit meine Kandidatur zum Vorsitzenden, stellvertretenden Vorsitzenden oder einem der Beisitzer f\u00fcr den Bundesvorstand der Piratenpartei bekannt, um allen Piraten die M\u00f6glichkeit zu geben, mich kennenzulernen, mir Fragen stellen zu k\u00f6nnen, um auf diese Weise Vertrauen zu mir entwickeln zu k\u00f6nnen.<\/p>\n<p>Dabei hoffe ich, da\u00df aufgrund meines Bekanntseins im hessischen Landesverband, f\u00fcr den ich auf dem letzten Landesparteitag f\u00fcr das Amt des politischen Gesch\u00e4ftsf\u00fchrers kandidiert habe, und aufgrund meiner Diskussionsteilnahme auf der &#8220;Aktiven&#8221; Mailingliste als auch via <a href=\"http:\/\/twitter.com\/pfuetz\">Twitter<\/a> schon Einiges \u00fcber mich bekannt ist, ich eben nicht als Katze im Sack gekauft werden mu\u00df. Meine Kandidatur zum politischen Gesch\u00e4ftsf\u00fchrer des hessischen Landesverbandes kann <a href=\"http:\/\/wiki.piratenpartei.de\/HE:Landesparteitage\/Landesparteitag_2010\/Kandidaten\">im Wiki der Piratenpartei<\/a> nachgelesen werden. Die Punkte, die ich damals f\u00fcr wichtig hielt, sind mir auch heute noch wichtig:<\/p>\n<ul>\n<li>Weg vom Reaktiven, hin zum Proaktiven, also zur Meinungsf\u00fchrerschaft.\n<li>Vermitteln zwischen anscheinend unvereinbaren Positionen mit dem Ziel eines Ergebnisses.\n<\/ul>\n<p>Genauso wie <a href=\"http:\/\/flachshaar.net\/2011\/04\/03\/der-worte-sind-genug-gewechselt-lasst-mich-auch-endlich-taten-sehn\/\">Daniel<\/a> habe auch ich noch keine konkrete Strategie f\u00fcr die zuk\u00fcnftige Entwicklung der Piratenpartei f\u00fcr mich entwickelt, auch wenn ich offen zugebe, da\u00df ich keine schnelle Weiterentwicklung zu einer Vollprogrammpartei m\u00f6chte, sondern mich dem Vollprogramm langsam n\u00e4hern m\u00f6chte, um so den an uns interessierten B\u00fcrgern und W\u00e4hlern die M\u00f6glichkeit zu geben, sich im Einzelnen und im Detail mit unseren bisherigen Kernthemen auseinanderzusetzen, und dann ggfls. mit uns zusammen die Erweiterung des Themenspektrums vorzunehmen. Au\u00dferdem ist es mir wichtig, da\u00df eine solche Strategie gemeinschaftlich vom neuen Bundesvorstand entwickelt und getragen wird, und dazu sind direkt nach der Wahl intensive, wenn m\u00f6glich auch pers\u00f6nliche Gespr\u00e4che notwendig.<\/p>\n<p>Da ich ja f\u00fcr verschiedene Posten im Bundesvorstand kandidiere, m\u00f6chte auch ich kurz darstellen, was ich auf den einzelnen Posten als wichtig erachte.<\/p>\n<p><b>Vorsitzender<\/b><\/p>\n<p>Der Vorsitzende ist sozusagen das Aush\u00e4ngeschild seiner Partei. Als solches vertritt er die Meinung der Partei, steht der \u00d6ffentlichkeit als Ansprechpartner zur Verf\u00fcgung und hat die Aufgabe, dort, wo die Partei nicht wahrgenommen wird, f\u00fcr Wahrnehmung zu sorgen, indem er sich in die entsprechenden Diskussionen einbringt. Das setzt eine gute Erreichbarkeit, sowie den Willen, erreichbar zu sein, voraus. In einer ehrenamtlich auszuf\u00fcllenden Position, wie derzeit bei der Piratenpartei noch notwendig, bei einer gleichzeitigen beruflichen Vollzeitstelle kann dies nat\u00fcrlich nicht immer zu 100% garantiert werden, daher ist es wichtig, da\u00df der Vorstand in G\u00e4nze, und nicht nur mit seinen Pressesprechern, hier mithilft, um z.B. auf Veranstaltungen hinzuweisen, oder an Einladungen zu erinnern.<\/p>\n<p>Ebenso ist es f\u00fcr den Vorsitzenden unumg\u00e4nglich, zu wissen, was gerade in der Parteibasis diskutiert wird, um darauf reagieren zu k\u00f6nnen, bzw. bei Interviewanfragen vorbereitet zu sein. Das ist mit ein Grund, warum ich auch heute schon z.B. aktiv die &#8220;Aktive&#8221; Mailingliste verfolge.<\/p>\n<p>Eine meiner gro\u00dfen St\u00e4rken ist es, in Diskussionen vermittelnd eingreifen zu k\u00f6nnen. Dies habe ich schon oft im beruflichen Umfeld einsetzen m\u00fcssen, um aus verfahren aussehenden Situationen im Projektgesch\u00e4ft wieder zu einer erfolgreichen Weiterarbeit kommen zu k\u00f6nnen. Dies, so denke ich, wird dem Bundesvorstand zum effizienten Arbeiten n\u00fctzlich sein.<\/p>\n<p><b>Stellvertretender Vorsitzender<\/b><\/p>\n<p>Dieser Posten wird durch seinen Titel schon ausreichend definiert. Er ist der &#8220;Ersatzspieler&#8221;, sollte der Vorsitzende ausfallen. Um diese Position dann ggfls. auch schnell und problemlos \u00fcbernehmen zu k\u00f6nnen, ist eine st\u00e4ndige vertrauensvolle und umfassende Zusammenarbeit mit dem Vorsitzenden unerl\u00e4\u00dflich. Aus diesem Grund kann es auch sein, da\u00df ich auf dem Bundesparteitag meine Kandidatur f\u00fcr diese Stelle kurzfristig zur\u00fcckziehe, sollte eine Person f\u00fcr den Posten des Vorsitzenden gew\u00e4hlt werden, von der ich glaube, da\u00df sie nicht meinen oben beschriebenen Vorstellungen des Vorsitzenden entspricht. Unabh\u00e4ngig davon hat dann aber der stellvertretende Vorsitzende weitaus mehr Zeit als der Vorsitzende selbst. Diese Zeit w\u00fcrde ich dann auf dem Posten des stellvertretenden Vorsitzenden nutzen, um mich mit den Aufgaben des Vorstandes zu befassen, die vom Vorsitzenden selbst zeitlich nicht geschafft werden k\u00f6nnen. Dies sind z.B. Kontakte zu den Landesverb\u00e4nden, etc., um nur einige Dinge zu nennen.<\/p>\n<p><b>Beisitzer<\/b><\/p>\n<p>Bei den Beisitzern gibt es verschiedene m\u00f6gliche Aufgaben. Mein Beitrag hier liegt sicherlich nicht in der Rolle des Pressesprechers, sondern in der Funktion, f\u00fcr die ich auch im hessischen Landesverband kandidiert habe, n\u00e4mlich der Aufgabe des politischen Gesch\u00e4ftsf\u00fchrers. Das umfa\u00dft die Abstimmung mit den Landesverb\u00e4nden, wie unter der Rolle des stellvertretenden Vorsitzenden erw\u00e4hnt, aber auch die Aufgabe, vermittelnd bei der Richtungsfindung der Partei mitzuwirken und die Rahmenbedingungen daf\u00fcr zu schaffen, da\u00df programmatische, politische Arbeit in der Partei problemlos m\u00f6glich ist.<\/p>\n<p>Bevor ich zum Schlu\u00df komme, m\u00f6chte ich hier noch die Links plazieren, unter denen ihr mir Fragen stellen k\u00f6nnt: Daf\u00fcr gibt es im <a href=\"http:\/\/wiki.piratenpartei.de\/Benutzer:Pfuetz\/BuVo2011-Fragen\">Piratenwiki eine Stelle<\/a>, und auch bei <a href=\"http:\/\/formspring.me\/pfuetz\">Formspring<\/a> ist dies m\u00f6glich.<\/p>\n<p>Schliessen m\u00f6chte ich diesen Beitrag zu meiner Kandidatur mit zwei Mottos von von mir sehr gesch\u00e4tzten Filmregisseuren, die hoffentlich klar machen, da\u00df mir das Tun wichtiger ist als das Diskutieren, und das ich dabei auch bereit bin, Risiken einzugehen, die ich im Vorfeld nicht immer 100%-ig einsch\u00e4tzen kann:<\/p>\n<ul>\n<li>Man macht immer Fehler im Leben, aber man sollte lieber aktive als passive Fehler machen. <i>(Federico Fellini)<\/i>\n<li>Vertraue Deinem Instinkt, dann machst Du wenigstens Deine eigenen Fehler. <i>(Billy Wilder)<\/i>\n<\/ul>\n<p>In diesem Sinne w\u00fcnsche ich uns einen guten und erfolgreichen Parteitag in Heidenheim.<\/p>\n<p>Matthias<\/p>\n","protected":false},"excerpt":{"rendered":"<p>Woody Allen l\u00e4\u00dft etwas f\u00fcr mich sehr Wichtiges in einem meiner absoluten Lieblingsfilme, seinem Film &#8220;Manhattan&#8221;, gegen Ende, sozusagen als Fazit des Films, folgenderma\u00dfen sagen: &#8220;Du mu\u00dft Vertrauen in die Menschen haben!&#8221; Da aber das Vertrauen jenseits des Kindesalters stetig abnimmt und ein Kennen Dessen voraussetzt, dem man trauen soll oder will, gebe ich hiermit [&hellip;]<\/p>\n","protected":false},"author":1,"featured_media":0,"comment_status":"open","ping_status":"open","sticky":false,"template":"","format":"standard","meta":{"footnotes":""},"categories":[5],"tags":[],"class_list":["post-571","post","type-post","status-publish","format-standard","hentry","category-politics"],"_links":{"self":[{"href":"https:\/\/blogs.pfuetzner.de\/matthias\/index.php?rest_route=\/wp\/v2\/posts\/571","targetHints":{"allow":["GET"]}}],"collection":[{"href":"https:\/\/blogs.pfuetzner.de\/matthias\/index.php?rest_route=\/wp\/v2\/posts"}],"about":[{"href":"https:\/\/blogs.pfuetzner.de\/matthias\/index.php?rest_route=\/wp\/v2\/types\/post"}],"author":[{"embeddable":true,"href":"https:\/\/blogs.pfuetzner.de\/matthias\/index.php?rest_route=\/wp\/v2\/users\/1"}],"replies":[{"embeddable":true,"href":"https:\/\/blogs.pfuetzner.de\/matthias\/index.php?rest_route=%2Fwp%2Fv2%2Fcomments&post=571"}],"version-history":[{"count":17,"href":"https:\/\/blogs.pfuetzner.de\/matthias\/index.php?rest_route=\/wp\/v2\/posts\/571\/revisions"}],"predecessor-version":[{"id":588,"href":"https:\/\/blogs.pfuetzner.de\/matthias\/index.php?rest_route=\/wp\/v2\/posts\/571\/revisions\/588"}],"wp:attachment":[{"href":"https:\/\/blogs.pfuetzner.de\/matthias\/index.php?rest_route=%2Fwp%2Fv2%2Fmedia&parent=571"}],"wp:term":[{"taxonomy":"category","embeddable":true,"href":"https:\/\/blogs.pfuetzner.de\/matthias\/index.php?rest_route=%2Fwp%2Fv2%2Fcategories&post=571"},{"taxonomy":"post_tag","embeddable":true,"href":"https:\/\/blogs.pfuetzner.de\/matthias\/index.php?rest_route=%2Fwp%2Fv2%2Ftags&post=571"}],"curies":[{"name":"wp","href":"https:\/\/api.w.org\/{rel}","templated":true}]}}